{"id":1930,"date":"2021-05-14T14:22:36","date_gmt":"2021-05-14T12:22:36","guid":{"rendered":"https:\/\/geko2.factoryfy.com\/es\/?p=4535"},"modified":"2021-11-03T15:08:46","modified_gmt":"2021-11-03T14:08:46","slug":"pasos-previos-migracion-cloud","status":"publish","type":"post","link":"https:\/\/geko.cloud\/es\/pasos-previos-migracion-cloud\/","title":{"rendered":"Pasos previos para la migraci\u00f3n al cloud"},"content":{"rendered":"<p><span style=\"font-weight: 400;\">\u00bfEst\u00e1 tu empresa preparada para <b>migrar a la nube<\/b>? La <a href=\"https:\/\/geko.cloud\/es\/servicios-cloud\/migracion\/\"><b>migraci\u00f3n a la nube<\/b><\/a> es una de las principales v\u00edas de crecimiento para las empresas, ya que permite trabajar con mayor eficiencia, aumentar la flexibilidad, la accesibilidad y la ciberseguridad. Para poder disfrutar de todas las ventajas que ofrece la <a href=\"https:\/\/geko.cloud\/es\/que-es-cloud\/\"><b>nube<\/b><\/a> (el <\/span><i><span style=\"font-weight: 400;\">cloud<\/span><\/i><span style=\"font-weight: 400;\"> en ingl\u00e9s), previamente es altamente recomendable definir una planificaci\u00f3n. A continuaci\u00f3n, enumeramos algunos aspectos sobre los que se debe reflexionar antes de <b>migrar a la nube<\/b>.<\/span><\/p>\n<p><strong>Establecer un plan de migraci\u00f3n:<\/strong> <span style=\"font-weight: 400;\">Una vez se tenga claro cu\u00e1l es el objetivo de la migraci\u00f3n, las aplicaciones que se migrar\u00e1n y el equipo est\u00e9 preparado, el siguiente paso es establecer un plan de <b>migraci\u00f3n al cloud<\/b>.\u00a0 Este plan debe describir el proceso de migraci\u00f3n paso a paso. Para planificar este proceso se debe conocer los componentes que se trasladar\u00e1n y decidir el orden seg\u00fan la prioridad o dificultad de la migraci\u00f3n. Una vez hemos decidido un orden, asignaremos los citados componentes a una fase de la implementaci\u00f3n, creando de esta manera un sistema escalonado de forma que se minimice el impacto en la organizaci\u00f3n, a la vez que se reducen los riesgos de la migraci\u00f3n, aunque se incremente el periodo de tiempo necesario para la migraci\u00f3n.<\/span><\/p>\n<p><strong>Formaci\u00f3n<\/strong><span style=\"font-weight: 400;\"><strong>:<\/strong> Un aspecto fundamental es la formaci\u00f3n de un equipo que supervise la transici\u00f3n. El objetivo principal del equipo es gestionar la migraci\u00f3n de principio a fin. Si la empresa no cuenta con <b>especialistas cloud<\/b>, se debe considerar la contrataci\u00f3n de un <\/span><a href=\"https:\/\/geko.cloud\/es\/servicios-cloud\/migracion\/\"><span style=\"font-weight: 400;\">especialista en migraci\u00f3n a la nube<\/span><\/a><span style=\"font-weight: 400;\"> para facilitar la transici\u00f3n.\u00a0<\/span><\/p>\n<p><strong>Cloud Provider<\/strong><span style=\"font-weight: 400;\"><strong>:<\/strong> A continuaci\u00f3n, debes comparar las diferentes plataformas en la <a href=\"https:\/\/geko.cloud\/es\/que-es-cloud\/\"><b>nube<\/b><\/a> y los modelos de migraci\u00f3n para elegir el m\u00e1s adecuado para tu empresa. <b>Migrar a la nube<\/b> no es una tarea f\u00e1cil y, por ello, es esencial elegir el <b>proveedor cloud<\/b> m\u00e1s adecuado. Por esta raz\u00f3n es necesario conocer las necesidades de la empresa y, una vez conocidas, se deben tener en cuenta las prestaciones, servicios adicionales y costes que supone un proveedor u otro para poder sacar el mayor provecho del <b>entorno cloud<\/b> y minimizar al m\u00e1ximo tus costes. No todos los proveedores ofrecen los mismos servicios, y hay diferencias de precios seg\u00fan el servicio y el proveedor que se elija.\u00a0<\/span><\/p>\n<p><strong>Conocer los KPI<\/strong><span style=\"font-weight: 400;\"><strong>:<\/strong> Antes de trasladar cualquier cosa a la <a href=\"https:\/\/geko.cloud\/es\/que-es-cloud\/\"><b>nube<\/b><\/a>, se debe elaborar un an\u00e1lisis de referencia de cada una de las aplicaciones. Hay muchos indicadores clave de rendimiento (KPI) diferentes que puedes seguir, dependiendo de las aplicaciones que se ejecuten. Estos son algunos KPI comunes: velocidad de carga o de ejecuci\u00f3n, duraci\u00f3n media de la sesi\u00f3n, tasas de error, etc.<\/span><\/p>\n<p><strong>Dise\u00f1ar una estrategia de infraestructura:<\/strong> <span style=\"font-weight: 400;\">El primer paso antes de <b>migrar a la nube<\/b> es construir una s\u00f3lida arquitectura de migraci\u00f3n, adem\u00e1s de disponer de una estrategia que implique a todos los departamentos que la componen, y determinar si la empresa est\u00e1 preparada para afrontar el proceso de traslado a un nuevo sistema.<\/span><\/p>\n<p><strong>Seguridad<\/strong><span style=\"font-weight: 400;\">: Tu empresa es responsable tanto de los datos valiosos y confidenciales de los clientes como de los tuyos propios. En todo momento, tienes que saber d\u00f3nde est\u00e1n y estar seguro de que est\u00e1n a salvo, por eso es importante que conozcas a fondo las pol\u00edticas y normas de seguridad del <b>proveedor cloud<\/b> antes de desplegar tus aplicaciones en su plataforma.<\/span><\/p>\n<p><strong>Costes<\/strong><span style=\"font-weight: 400;\"><strong>:<\/strong> Antes de trasladar tus datos al <a href=\"https:\/\/geko.cloud\/es\/que-es-cloud\/\"><b>cloud<\/b><\/a> debes considerar los costes que pueden suponer para la empresa, como por ejemplo el coste total de los recursos internos, los cambios en la infraestructura y los plazos.<\/span><\/p>\n<p><span style=\"font-weight: 400;\">Para aprovechar al m\u00e1ximo las ventajas que ofrece la <a href=\"https:\/\/geko.cloud\/es\/que-es-cloud\/\"><b>nube<\/b><\/a> es importante contar con un <b>equipo experto en infraestructuras y desarrollo cloud<\/b>. El <\/span><span style=\"font-weight: 400;\">equipo de Geko<\/span><span style=\"font-weight: 400;\"> cuenta con la experiencia en diferentes \u00e1mbitos, trabajando con metodolog\u00eda <\/span><a href=\"https:\/\/geko.cloud\/es\/externalizar-servicio-devops\/\"><span style=\"font-weight: 400;\">DevOps<\/span><\/a><span style=\"font-weight: 400;\"> y garantizando a nuestros clientes la adaptaci\u00f3n 100% a sus infraestructuras y tecnolog\u00edas a la hora de <\/span><a href=\"https:\/\/geko.cloud\/en\/cloud-services\/migration\/\"><span style=\"font-weight: 400;\">migrar al cloud<\/span><\/a><span style=\"font-weight: 400;\">.<\/span><\/p>\n<h4 style=\"text-align: center;\"><strong><a href=\"https:\/\/geko.cloud\/es\/contacto\/\">\u00a1Contacta con nosotros para analizar tu infraestructura y migrar a la nube de la forma m\u00e1s eficiente!<\/a><\/strong><\/h4>\n<p><a href=\"https:\/\/geko.cloud\/es\/contacto\/\"><img loading=\"lazy\" decoding=\"async\" class=\"aligncenter wp-image-3265\" src=\"https:\/\/geko2.factoryfy.com\/wp-content\/uploads\/geko-1-300x297.png\" alt=\"\" width=\"68\" height=\"67\" \/><\/a><\/p>\n","protected":false},"excerpt":{"rendered":"<p>\u00bfEst\u00e1 tu empresa preparada para migrar a la nube? La migraci\u00f3n a la nube es una de las principales v\u00edas de crecimiento para las empresas, ya que permite trabajar con mayor eficiencia, aumentar la flexibilidad, la accesibilidad y la ciberseguridad. Para poder disfrutar de todas las ventajas que ofrece la nube (el cloud en ingl\u00e9s), [&hellip;]<\/p>\n","protected":false},"author":23,"featured_media":1931,"comment_status":"open","ping_status":"open","sticky":false,"template":"","format":"standard","meta":{"inline_featured_image":false,"footnotes":""},"categories":[15],"tags":[30],"yoast_head":"<!-- This site is optimized with the Yoast SEO plugin v22.5 - https:\/\/yoast.com\/wordpress\/plugins\/seo\/ -->\n<title>Pasos previos para la migraci\u00f3n al cloud - Geko Cloud<\/title>\n<meta name=\"description\" content=\"\u00bfEst\u00e1 tu empresa preparada para migrar a la nube? En nuestro post enumeramos algunos aspectos sobre los que se debe reflexionar antes de migrar al cloud.\" \/>\n<meta name=\"robots\" content=\"index, follow, max-snippet:-1, max-image-preview:large, max-video-preview:-1\" \/>\n<link rel=\"canonical\" href=\"https:\/\/geko.cloud\/es\/pasos-previos-migracion-cloud\/\" \/>\n<meta property=\"og:locale\" content=\"es_ES\" \/>\n<meta property=\"og:type\" content=\"article\" \/>\n<meta property=\"og:title\" content=\"Pasos previos para la migraci\u00f3n al cloud - Geko Cloud\" \/>\n<meta property=\"og:description\" content=\"\u00bfEst\u00e1 tu empresa preparada para migrar a la nube? En nuestro post enumeramos algunos aspectos sobre los que se debe reflexionar antes de migrar al cloud.\" \/>\n<meta property=\"og:url\" content=\"https:\/\/geko.cloud\/es\/pasos-previos-migracion-cloud\/\" \/>\n<meta property=\"og:site_name\" content=\"Geko Cloud\" \/>\n<meta property=\"article:published_time\" content=\"2021-05-14T12:22:36+00:00\" \/>\n<meta property=\"article:modified_time\" content=\"2021-11-03T14:08:46+00:00\" \/>\n<meta property=\"og:image\" content=\"https:\/\/geko.cloud\/wp-content\/uploads\/cabecera-previo-migrarcloud-01.png\" \/>\n\t<meta property=\"og:image:width\" content=\"3613\" \/>\n\t<meta property=\"og:image:height\" content=\"1529\" \/>\n\t<meta property=\"og:image:type\" content=\"image\/png\" \/>\n<meta name=\"author\" content=\"X\u00e8nia Adan\" \/>\n<meta name=\"twitter:card\" content=\"summary_large_image\" \/>\n<meta name=\"twitter:creator\" content=\"@geko_cloud\" \/>\n<meta name=\"twitter:site\" content=\"@geko_cloud\" \/>\n<script type=\"application\/ld+json\" class=\"yoast-schema-graph\">{\"@context\":\"https:\/\/schema.org\",\"@graph\":[{\"@type\":\"Article\",\"@id\":\"https:\/\/geko.cloud\/es\/pasos-previos-migracion-cloud\/#article\",\"isPartOf\":{\"@id\":\"https:\/\/geko.cloud\/es\/pasos-previos-migracion-cloud\/\"},\"author\":{\"name\":\"X\u00e8nia Adan\",\"@id\":\"https:\/\/geko.cloud\/es\/#\/schema\/person\/d0eb78f4c8e7a25a3d34040655f7d9d2\"},\"headline\":\"Pasos previos para la migraci\u00f3n al cloud\",\"datePublished\":\"2021-05-14T12:22:36+00:00\",\"dateModified\":\"2021-11-03T14:08:46+00:00\",\"mainEntityOfPage\":{\"@id\":\"https:\/\/geko.cloud\/es\/pasos-previos-migracion-cloud\/\"},\"wordCount\":716,\"commentCount\":0,\"publisher\":{\"@id\":\"https:\/\/geko.cloud\/es\/#organization\"},\"image\":{\"@id\":\"https:\/\/geko.cloud\/es\/pasos-previos-migracion-cloud\/#primaryimage\"},\"thumbnailUrl\":\"https:\/\/geko.cloud\/wp-content\/uploads\/cabecera-previo-migrarcloud-01.png\",\"keywords\":[\"Migraci\u00f3n cloud\"],\"articleSection\":[\"Cloud\"],\"inLanguage\":\"es\",\"potentialAction\":[{\"@type\":\"CommentAction\",\"name\":\"Comment\",\"target\":[\"https:\/\/geko.cloud\/es\/pasos-previos-migracion-cloud\/#respond\"]}]},{\"@type\":\"WebPage\",\"@id\":\"https:\/\/geko.cloud\/es\/pasos-previos-migracion-cloud\/\",\"url\":\"https:\/\/geko.cloud\/es\/pasos-previos-migracion-cloud\/\",\"name\":\"Pasos previos para la migraci\u00f3n al cloud - Geko Cloud\",\"isPartOf\":{\"@id\":\"https:\/\/geko.cloud\/es\/#website\"},\"primaryImageOfPage\":{\"@id\":\"https:\/\/geko.cloud\/es\/pasos-previos-migracion-cloud\/#primaryimage\"},\"image\":{\"@id\":\"https:\/\/geko.cloud\/es\/pasos-previos-migracion-cloud\/#primaryimage\"},\"thumbnailUrl\":\"https:\/\/geko.cloud\/wp-content\/uploads\/cabecera-previo-migrarcloud-01.png\",\"datePublished\":\"2021-05-14T12:22:36+00:00\",\"dateModified\":\"2021-11-03T14:08:46+00:00\",\"description\":\"\u00bfEst\u00e1 tu empresa preparada para migrar a la nube? En nuestro post enumeramos algunos aspectos sobre los que se debe reflexionar antes de migrar al cloud.\",\"breadcrumb\":{\"@id\":\"https:\/\/geko.cloud\/es\/pasos-previos-migracion-cloud\/#breadcrumb\"},\"inLanguage\":\"es\",\"potentialAction\":[{\"@type\":\"ReadAction\",\"target\":[\"https:\/\/geko.cloud\/es\/pasos-previos-migracion-cloud\/\"]}]},{\"@type\":\"ImageObject\",\"inLanguage\":\"es\",\"@id\":\"https:\/\/geko.cloud\/es\/pasos-previos-migracion-cloud\/#primaryimage\",\"url\":\"https:\/\/geko.cloud\/wp-content\/uploads\/cabecera-previo-migrarcloud-01.png\",\"contentUrl\":\"https:\/\/geko.cloud\/wp-content\/uploads\/cabecera-previo-migrarcloud-01.png\",\"width\":3613,\"height\":1529,\"caption\":\"migrar al cloud\"},{\"@type\":\"BreadcrumbList\",\"@id\":\"https:\/\/geko.cloud\/es\/pasos-previos-migracion-cloud\/#breadcrumb\",\"itemListElement\":[{\"@type\":\"ListItem\",\"position\":1,\"name\":\"Portada\",\"item\":\"https:\/\/geko.cloud\/es\/\"},{\"@type\":\"ListItem\",\"position\":2,\"name\":\"Pasos previos para la migraci\u00f3n al cloud\"}]},{\"@type\":\"WebSite\",\"@id\":\"https:\/\/geko.cloud\/es\/#website\",\"url\":\"https:\/\/geko.cloud\/es\/\",\"name\":\"Geko Cloud\",\"description\":\"Servicios de consultor\u00eda cloud y devops\",\"publisher\":{\"@id\":\"https:\/\/geko.cloud\/es\/#organization\"},\"potentialAction\":[{\"@type\":\"SearchAction\",\"target\":{\"@type\":\"EntryPoint\",\"urlTemplate\":\"https:\/\/geko.cloud\/es\/?s={search_term_string}\"},\"query-input\":\"required name=search_term_string\"}],\"inLanguage\":\"es\"},{\"@type\":\"Organization\",\"@id\":\"https:\/\/geko.cloud\/es\/#organization\",\"name\":\"Geko Cloud\",\"url\":\"https:\/\/geko.cloud\/es\/\",\"logo\":{\"@type\":\"ImageObject\",\"inLanguage\":\"es\",\"@id\":\"https:\/\/geko.cloud\/es\/#\/schema\/logo\/image\/\",\"url\":\"https:\/\/geko.cloud\/wp-content\/uploads\/2021\/10\/geko_logo-positivo.png\",\"contentUrl\":\"https:\/\/geko.cloud\/wp-content\/uploads\/2021\/10\/geko_logo-positivo.png\",\"width\":1650,\"height\":809,\"caption\":\"Geko Cloud\"},\"image\":{\"@id\":\"https:\/\/geko.cloud\/es\/#\/schema\/logo\/image\/\"},\"sameAs\":[\"https:\/\/x.com\/geko_cloud\",\"https:\/\/www.instagram.com\/gekocloud\/\",\"https:\/\/www.linkedin.com\/company\/gekocloud\",\"https:\/\/www.youtube.com\/channel\/UC5EFLCqUM7fEaXSa_0nWowQ\"]},{\"@type\":\"Person\",\"@id\":\"https:\/\/geko.cloud\/es\/#\/schema\/person\/d0eb78f4c8e7a25a3d34040655f7d9d2\",\"name\":\"X\u00e8nia Adan\",\"image\":{\"@type\":\"ImageObject\",\"inLanguage\":\"es\",\"@id\":\"https:\/\/geko.cloud\/es\/#\/schema\/person\/image\/\",\"url\":\"https:\/\/secure.gravatar.com\/avatar\/7ced1192bab3d2c2b036d1551ed4fc4d?s=96&d=mm&r=g\",\"contentUrl\":\"https:\/\/secure.gravatar.com\/avatar\/7ced1192bab3d2c2b036d1551ed4fc4d?s=96&d=mm&r=g\",\"caption\":\"X\u00e8nia Adan\"}}]}<\/script>\n<!-- \/ Yoast SEO plugin. -->","yoast_head_json":{"title":"Pasos previos para la migraci\u00f3n al cloud - Geko Cloud","description":"\u00bfEst\u00e1 tu empresa preparada para migrar a la nube? En nuestro post enumeramos algunos aspectos sobre los que se debe reflexionar antes de migrar al cloud.","robots":{"index":"index","follow":"follow","max-snippet":"max-snippet:-1","max-image-preview":"max-image-preview:large","max-video-preview":"max-video-preview:-1"},"canonical":"https:\/\/geko.cloud\/es\/pasos-previos-migracion-cloud\/","og_locale":"es_ES","og_type":"article","og_title":"Pasos previos para la migraci\u00f3n al cloud - Geko Cloud","og_description":"\u00bfEst\u00e1 tu empresa preparada para migrar a la nube? En nuestro post enumeramos algunos aspectos sobre los que se debe reflexionar antes de migrar al cloud.","og_url":"https:\/\/geko.cloud\/es\/pasos-previos-migracion-cloud\/","og_site_name":"Geko Cloud","article_published_time":"2021-05-14T12:22:36+00:00","article_modified_time":"2021-11-03T14:08:46+00:00","og_image":[{"width":3613,"height":1529,"url":"https:\/\/geko.cloud\/wp-content\/uploads\/cabecera-previo-migrarcloud-01.png","type":"image\/png"}],"author":"X\u00e8nia Adan","twitter_card":"summary_large_image","twitter_creator":"@geko_cloud","twitter_site":"@geko_cloud","schema":{"@context":"https:\/\/schema.org","@graph":[{"@type":"Article","@id":"https:\/\/geko.cloud\/es\/pasos-previos-migracion-cloud\/#article","isPartOf":{"@id":"https:\/\/geko.cloud\/es\/pasos-previos-migracion-cloud\/"},"author":{"name":"X\u00e8nia Adan","@id":"https:\/\/geko.cloud\/es\/#\/schema\/person\/d0eb78f4c8e7a25a3d34040655f7d9d2"},"headline":"Pasos previos para la migraci\u00f3n al cloud","datePublished":"2021-05-14T12:22:36+00:00","dateModified":"2021-11-03T14:08:46+00:00","mainEntityOfPage":{"@id":"https:\/\/geko.cloud\/es\/pasos-previos-migracion-cloud\/"},"wordCount":716,"commentCount":0,"publisher":{"@id":"https:\/\/geko.cloud\/es\/#organization"},"image":{"@id":"https:\/\/geko.cloud\/es\/pasos-previos-migracion-cloud\/#primaryimage"},"thumbnailUrl":"https:\/\/geko.cloud\/wp-content\/uploads\/cabecera-previo-migrarcloud-01.png","keywords":["Migraci\u00f3n cloud"],"articleSection":["Cloud"],"inLanguage":"es","potentialAction":[{"@type":"CommentAction","name":"Comment","target":["https:\/\/geko.cloud\/es\/pasos-previos-migracion-cloud\/#respond"]}]},{"@type":"WebPage","@id":"https:\/\/geko.cloud\/es\/pasos-previos-migracion-cloud\/","url":"https:\/\/geko.cloud\/es\/pasos-previos-migracion-cloud\/","name":"Pasos previos para la migraci\u00f3n al cloud - Geko Cloud","isPartOf":{"@id":"https:\/\/geko.cloud\/es\/#website"},"primaryImageOfPage":{"@id":"https:\/\/geko.cloud\/es\/pasos-previos-migracion-cloud\/#primaryimage"},"image":{"@id":"https:\/\/geko.cloud\/es\/pasos-previos-migracion-cloud\/#primaryimage"},"thumbnailUrl":"https:\/\/geko.cloud\/wp-content\/uploads\/cabecera-previo-migrarcloud-01.png","datePublished":"2021-05-14T12:22:36+00:00","dateModified":"2021-11-03T14:08:46+00:00","description":"\u00bfEst\u00e1 tu empresa preparada para migrar a la nube? En nuestro post enumeramos algunos aspectos sobre los que se debe reflexionar antes de migrar al cloud.","breadcrumb":{"@id":"https:\/\/geko.cloud\/es\/pasos-previos-migracion-cloud\/#breadcrumb"},"inLanguage":"es","potentialAction":[{"@type":"ReadAction","target":["https:\/\/geko.cloud\/es\/pasos-previos-migracion-cloud\/"]}]},{"@type":"ImageObject","inLanguage":"es","@id":"https:\/\/geko.cloud\/es\/pasos-previos-migracion-cloud\/#primaryimage","url":"https:\/\/geko.cloud\/wp-content\/uploads\/cabecera-previo-migrarcloud-01.png","contentUrl":"https:\/\/geko.cloud\/wp-content\/uploads\/cabecera-previo-migrarcloud-01.png","width":3613,"height":1529,"caption":"migrar al cloud"},{"@type":"BreadcrumbList","@id":"https:\/\/geko.cloud\/es\/pasos-previos-migracion-cloud\/#breadcrumb","itemListElement":[{"@type":"ListItem","position":1,"name":"Portada","item":"https:\/\/geko.cloud\/es\/"},{"@type":"ListItem","position":2,"name":"Pasos previos para la migraci\u00f3n al cloud"}]},{"@type":"WebSite","@id":"https:\/\/geko.cloud\/es\/#website","url":"https:\/\/geko.cloud\/es\/","name":"Geko Cloud","description":"Servicios de consultor\u00eda cloud y devops","publisher":{"@id":"https:\/\/geko.cloud\/es\/#organization"},"potentialAction":[{"@type":"SearchAction","target":{"@type":"EntryPoint","urlTemplate":"https:\/\/geko.cloud\/es\/?s={search_term_string}"},"query-input":"required name=search_term_string"}],"inLanguage":"es"},{"@type":"Organization","@id":"https:\/\/geko.cloud\/es\/#organization","name":"Geko Cloud","url":"https:\/\/geko.cloud\/es\/","logo":{"@type":"ImageObject","inLanguage":"es","@id":"https:\/\/geko.cloud\/es\/#\/schema\/logo\/image\/","url":"https:\/\/geko.cloud\/wp-content\/uploads\/2021\/10\/geko_logo-positivo.png","contentUrl":"https:\/\/geko.cloud\/wp-content\/uploads\/2021\/10\/geko_logo-positivo.png","width":1650,"height":809,"caption":"Geko Cloud"},"image":{"@id":"https:\/\/geko.cloud\/es\/#\/schema\/logo\/image\/"},"sameAs":["https:\/\/x.com\/geko_cloud","https:\/\/www.instagram.com\/gekocloud\/","https:\/\/www.linkedin.com\/company\/gekocloud","https:\/\/www.youtube.com\/channel\/UC5EFLCqUM7fEaXSa_0nWowQ"]},{"@type":"Person","@id":"https:\/\/geko.cloud\/es\/#\/schema\/person\/d0eb78f4c8e7a25a3d34040655f7d9d2","name":"X\u00e8nia Adan","image":{"@type":"ImageObject","inLanguage":"es","@id":"https:\/\/geko.cloud\/es\/#\/schema\/person\/image\/","url":"https:\/\/secure.gravatar.com\/avatar\/7ced1192bab3d2c2b036d1551ed4fc4d?s=96&d=mm&r=g","contentUrl":"https:\/\/secure.gravatar.com\/avatar\/7ced1192bab3d2c2b036d1551ed4fc4d?s=96&d=mm&r=g","caption":"X\u00e8nia Adan"}}]}},"_links":{"self":[{"href":"https:\/\/geko.cloud\/es\/wp-json\/wp\/v2\/posts\/1930"}],"collection":[{"href":"https:\/\/geko.cloud\/es\/wp-json\/wp\/v2\/posts"}],"about":[{"href":"https:\/\/geko.cloud\/es\/wp-json\/wp\/v2\/types\/post"}],"author":[{"embeddable":true,"href":"https:\/\/geko.cloud\/es\/wp-json\/wp\/v2\/users\/23"}],"replies":[{"embeddable":true,"href":"https:\/\/geko.cloud\/es\/wp-json\/wp\/v2\/comments?post=1930"}],"version-history":[{"count":4,"href":"https:\/\/geko.cloud\/es\/wp-json\/wp\/v2\/posts\/1930\/revisions"}],"predecessor-version":[{"id":5144,"href":"https:\/\/geko.cloud\/es\/wp-json\/wp\/v2\/posts\/1930\/revisions\/5144"}],"wp:featuredmedia":[{"embeddable":true,"href":"https:\/\/geko.cloud\/es\/wp-json\/wp\/v2\/media\/1931"}],"wp:attachment":[{"href":"https:\/\/geko.cloud\/es\/wp-json\/wp\/v2\/media?parent=1930"}],"wp:term":[{"taxonomy":"category","embeddable":true,"href":"https:\/\/geko.cloud\/es\/wp-json\/wp\/v2\/categories?post=1930"},{"taxonomy":"post_tag","embeddable":true,"href":"https:\/\/geko.cloud\/es\/wp-json\/wp\/v2\/tags?post=1930"}],"curies":[{"name":"wp","href":"https:\/\/api.w.org\/{rel}","templated":true}]}}