{"id":1880,"date":"2021-06-02T10:08:03","date_gmt":"2021-06-02T08:08:03","guid":{"rendered":"https:\/\/geko2.factoryfy.com\/es\/?p=4700"},"modified":"2022-03-17T12:44:29","modified_gmt":"2022-03-17T11:44:29","slug":"etapas-proceso-migracion-cloud","status":"publish","type":"post","link":"https:\/\/geko.cloud\/es\/etapas-proceso-migracion-cloud\/","title":{"rendered":"Etapas en el proceso de migraci\u00f3n cloud"},"content":{"rendered":"<p><span style=\"font-weight: 500;\">La adopci\u00f3n de <b>infraestructuras cloud<\/b> en las empresas es una tendencia cada vez m\u00e1s fuerte. Migrar toda la estructura organizativa a una plataforma basada en la <a href=\"https:\/\/geko.cloud\/es\/que-es-cloud\/\" target=\"_blank\" rel=\"noopener\"><b>nube<\/b><\/a> nunca ha sido tan f\u00e1cil. Una <b>plataforma en la nube<\/b> bien dise\u00f1ada y s\u00f3lida puede transformar muy f\u00e1cilmente la forma de hacer negocios. La nube permite almacenar y gestionar los datos sin necesidad de gestionar o mantener la infraestructura f\u00edsica, reduciendo los costes y acelerando la implantaci\u00f3n.<\/span><\/p>\n<p><span style=\"font-weight: 500;\">A continuaci\u00f3n explicaremos las etapas m\u00e1s comunes que se pueden encontrar en el desarrollo de la migraci\u00f3n cloud.\u00a0<\/span><\/p>\n<h2><strong><span style=\"font-size: x-large;\">An\u00e1lisis de las necesidades t\u00e9cnicas y empresariales<\/span><\/strong><\/h2>\n<p><span style=\"font-weight: 500;\">Esta primera fase consiste en determinar los objetivos de la migraci\u00f3n cloud y decidir el m\u00e9todo o estrategia m\u00e1s adecuado para migrar, seg\u00fan los diferentes factores como pueden ser el prop\u00f3sito, plazos y limitaciones.<\/span><br \/>\n<span style=\"font-weight: 500;\">Trasladar los datos a la <a href=\"https:\/\/geko.cloud\/es\/que-es-cloud\/\"><b>nube<\/b><\/a>, o incluso cambiar de <b>proveedor de servicios en la nube<\/b> conlleva riesgos y beneficios, por lo que es esencial que la empresa est\u00e9 plenamente comprometida con el \u00e9xito del proceso de migraci\u00f3n y preparada para los cambios que se producir\u00e1n.<\/span><\/p>\n<h2><strong><span style=\"font-size: x-large;\">Planificaci\u00f3n y evaluaci\u00f3n de los recursos<\/span><\/strong><\/h2>\n<p><span style=\"font-weight: 500;\">En esta fase se realizar\u00e1 un an\u00e1lisis completo del entorno IT, es decir, se evaluar\u00e1 tu infraestructura actual y las aplicaciones que utiliz\u00e1is para determinar la estrategia de migraci\u00f3n m\u00e1s adecuada y as\u00ed evitar que algo falle durante o despu\u00e9s de la migraci\u00f3n.\u00a0<\/span><\/p>\n<p><span style=\"font-weight: 500;\">Adem\u00e1s, se debe tener en cuenta que existe la opci\u00f3n de elegir entre tres tipos distintos de <b>plataformas de nube<\/b>: privada, p\u00fablica e h\u00edbrida. Tambi\u00e9n existe la opci\u00f3n de evaluar los recursos inform\u00e1ticos necesarios a trav\u00e9s de tres modelos de <\/span><i><span style=\"font-weight: 500;\">cloud computing<\/span><\/i><span style=\"font-weight: 400;\">: infraestructura como servicio (IaaS), plataforma como servicio (PaaS) y software como servicio (SaaS).<\/span><\/p>\n<p><span style=\"font-weight: 500;\">En este paso ser\u00e1 importante la decisi\u00f3n, teniendo en cuenta pros y contras, de realizar la migraci\u00f3n conservando la infraestructura lo m\u00e1s parecida posible a la original (<\/span><i><span style=\"font-weight: 400;\">lift and shift<\/span><\/i><span style=\"font-weight: 500;\">), o aprovechar el proceso para refactorizar las aplicaciones, de forma que se pueda aprovechar m\u00e1s y mejor las ventajas que pueda ofrecer el <a href=\"https:\/\/geko.cloud\/es\/5-claves-para-elegir-el-mejor-proveedor-cloud\/\"><b>proveedor cloud<\/b><\/a>. De esta decisi\u00f3n depender\u00e1 que se vean afectados de forma significativa los plazos de tiempo y complejidad, entre otros factores.<\/span><\/p>\n<h2><strong><span style=\"font-size: x-large;\">Dise\u00f1o y construcci\u00f3n<\/span><\/strong><\/h2>\n<p><span style=\"font-weight: 500;\">En esta fase se suele destinar la mayor cantidad de tiempo. Antes de realizar la migraci\u00f3n cloud de una aplicaci\u00f3n a la <a href=\"https:\/\/geko.cloud\/es\/que-es-cloud\/\"><b>nube<\/b><\/a>, previamente tendremos que dise\u00f1ar un plan de migraci\u00f3n donde se definir\u00e1 la secuencia de actividades de migraci\u00f3n y los recursos que se utilizar\u00e1n para, posteriormente, realizar el proceso de migraci\u00f3n y validaci\u00f3n de dichas aplicaciones.<\/span><\/p>\n<p><span style=\"font-weight: 500;\">Cabe destacar que puede ser necesario trabajar en la gesti\u00f3n de recursos de las aplicaciones para disminuir su consumo y, de esta forma, optimizar costes.\u00a0<\/span><\/p>\n<h2><strong><span style=\"font-size: x-large;\">Testing<\/span><\/strong><\/h2>\n<p><span style=\"font-weight: 500;\">Esta es la fase m\u00e1s importante de la migraci\u00f3n. A pesar de preparar un elaborado plan de <b>migraci\u00f3n a la nube<\/b>, no se pueden eliminar por completo los problemas y riesgos, por lo que es de vital importancia probar y asegurarnos de que las aplicaciones funcionan sin problemas en el <b>entorno cloud<\/b>.\u00a0<\/span><\/p>\n<p><span style=\"font-weight: 500;\">Las pruebas piloto ayudan a comprobar si los servicios y aplicaciones funcionan, y por ende, si se pueden <b>migrar a la nube<\/b> sin problemas. Al mismo tiempo, los resultados de las pruebas tambi\u00e9n ayudan a identificar los problemas y riesgos de la migraci\u00f3n, verificando a fondo todo el proceso que se llevar\u00e1 a cabo.<\/span><\/p>\n<h2><strong><span style=\"font-size: x-large;\">Migraci\u00f3n<\/span><\/strong><\/h2>\n<p><span style=\"font-weight: 500;\">Si las pruebas piloto tienen \u00e9xito, se puede\u00a0 realizar la migraci\u00f3n de datos y de aplicaciones. La fase final de la <a href=\"https:\/\/geko.cloud\/es\/servicios-cloud\/migracion\/\"><b>migraci\u00f3n al cloud<\/b><\/a> implica el uso de las herramientas necesarias para acelerar y automatizar el proceso, por ejemplo el uso de infraestructura como c\u00f3digo.\u00a0<\/span><\/p>\n<h2><strong><span style=\"font-size: x-large;\">Monitorizaci\u00f3n<\/span><\/strong><\/h2>\n<p><span style=\"font-weight: 500;\">Una vez que la migraci\u00f3n se haya completado con \u00e9xito, es importante implementar la monitorizaci\u00f3n de la infraestructura para ayudar a identificar y solucionar cualquier problema que pueda surgir en el nuevo entorno, adem\u00e1s de implementar un sistema de alertas que informe en todo momento de los problemas m\u00e1s graves.<\/span><\/p>\n<p><span style=\"font-weight: 500;\">Cabe recordar que estas fases de<a href=\"https:\/\/geko.cloud\/es\/servicios-cloud\/migracion\/\"> <b>migraci\u00f3n cloud<\/b><\/a> pueden ser diferentes seg\u00fan el tipo de <a href=\"https:\/\/geko.cloud\/es\/servicios-cloud\/migracion\/\"><b>migraci\u00f3n a la nube<\/b><\/a>. Del mismo modo, las fases tambi\u00e9n difieren de una <b>plataforma de nube<\/b> a otra. Por ello, es importante contar con un partner experto en <b>infraestructuras y desarrollo cloud<\/b> y as\u00ed, aprovechar al m\u00e1ximo las ventajas que ofrece el <a href=\"https:\/\/geko.cloud\/es\/que-es-cloud\/\"><b>cloud<\/b><\/a>. El <\/span><span style=\"font-weight: 500;\">equipo de Geko<\/span><span style=\"font-weight: 400;\"> cuenta con amplia experiencia en diferentes \u00e1mbitos, trabajando con metodolog\u00eda <\/span><a href=\"https:\/\/geko.cloud\/es\/devops\/\"><span style=\"font-weight: 400;\">DevOps<\/span><\/a><span style=\"font-weight: 500;\"> y garantizando a nuestros clientes la adaptaci\u00f3n 100% a sus infraestructuras y tecnolog\u00edas a la hora de <\/span><a href=\"https:\/\/geko.cloud\/es\/servicios-cloud\/migracion\/\"><span style=\"font-weight: 400;\"><b>migrar al cloud<\/b><\/span><\/a><span style=\"font-weight: 400;\">. \u00a1<a href=\"https:\/\/geko.cloud\/es\/contacto\/\">Contacta<\/a> con nosotros!<\/span><\/p>\n<p><span style=\"font-weight: 500;\">Si te interesa conocer m\u00e1s sobre los tipos de migraci\u00f3n cloud u otra informaci\u00f3n previa a la migraci\u00f3n a la nube, te recomendamos leer algunos de nuestros posts:\u00a0<\/span><\/p>\n<ul>\n<li style=\"font-weight: 500;\" aria-level=\"1\"><strong><a href=\"https:\/\/geko.cloud\/es\/migracion-cloud-lift-shift\/\" target=\"_blank\" rel=\"noopener\">Migraci\u00f3n al cloud \u00ablift and shift\u00bb | Geko Cloud<\/a><\/strong><\/li>\n<li style=\"font-weight: 500;\" aria-level=\"1\"><strong><a href=\"https:\/\/geko.cloud\/es\/pasos-previos-migracion-cloud\/\" target=\"_blank\" rel=\"noopener\">Pasos previos para la migraci\u00f3n al cloud | Geko Cloud<\/a><\/strong><\/li>\n<li style=\"font-weight: 500;\" aria-level=\"1\"><strong><a href=\"https:\/\/geko.cloud\/es\/4-ventajas-de-migrar-a-la-nube-hibrida\/\" target=\"_blank\" rel=\"noopener\">4 Ventajas de migrar a la nube h\u00edbrida | Geko Cloud<\/a><\/strong><\/li>\n<\/ul>\n","protected":false},"excerpt":{"rendered":"<p>La adopci\u00f3n de infraestructuras cloud en las empresas es una tendencia cada vez m\u00e1s fuerte. Migrar toda la estructura organizativa a una plataforma basada en la nube nunca ha sido tan f\u00e1cil. Una plataforma en la nube bien dise\u00f1ada y s\u00f3lida puede transformar muy f\u00e1cilmente la forma de hacer negocios. La nube permite almacenar y [&hellip;]<\/p>\n","protected":false},"author":23,"featured_media":1885,"comment_status":"open","ping_status":"open","sticky":false,"template":"","format":"standard","meta":{"inline_featured_image":false,"footnotes":""},"categories":[15],"tags":[30],"yoast_head":"<!-- This site is optimized with the Yoast SEO plugin v22.5 - https:\/\/yoast.com\/wordpress\/plugins\/seo\/ -->\n<title>Etapas en el proceso de migraci\u00f3n cloud - Geko Cloud<\/title>\n<meta name=\"description\" content=\"La Migraci\u00f3n Cloud pasa a ser un esencial. Te explicamos las etapas m\u00e1s comunes que se pueden encontrar en su desarrollo.\" \/>\n<meta name=\"robots\" content=\"index, follow, max-snippet:-1, max-image-preview:large, max-video-preview:-1\" \/>\n<link rel=\"canonical\" href=\"https:\/\/geko.cloud\/es\/etapas-proceso-migracion-cloud\/\" \/>\n<meta property=\"og:locale\" content=\"es_ES\" \/>\n<meta property=\"og:type\" content=\"article\" \/>\n<meta property=\"og:title\" content=\"Etapas en el proceso de migraci\u00f3n cloud - Geko Cloud\" \/>\n<meta property=\"og:description\" content=\"La Migraci\u00f3n Cloud pasa a ser un esencial. Te explicamos las etapas m\u00e1s comunes que se pueden encontrar en su desarrollo.\" \/>\n<meta property=\"og:url\" content=\"https:\/\/geko.cloud\/es\/etapas-proceso-migracion-cloud\/\" \/>\n<meta property=\"og:site_name\" content=\"Geko Cloud\" \/>\n<meta property=\"article:published_time\" content=\"2021-06-02T08:08:03+00:00\" \/>\n<meta property=\"article:modified_time\" content=\"2022-03-17T11:44:29+00:00\" \/>\n<meta property=\"og:image\" content=\"https:\/\/geko.cloud\/wp-content\/uploads\/cloud-fases-01.png\" \/>\n\t<meta property=\"og:image:width\" content=\"3614\" \/>\n\t<meta property=\"og:image:height\" content=\"1530\" \/>\n\t<meta property=\"og:image:type\" content=\"image\/png\" \/>\n<meta name=\"author\" content=\"X\u00e8nia Adan\" \/>\n<meta name=\"twitter:card\" content=\"summary_large_image\" \/>\n<meta name=\"twitter:creator\" content=\"@geko_cloud\" \/>\n<meta name=\"twitter:site\" content=\"@geko_cloud\" \/>\n<script type=\"application\/ld+json\" class=\"yoast-schema-graph\">{\"@context\":\"https:\/\/schema.org\",\"@graph\":[{\"@type\":\"Article\",\"@id\":\"https:\/\/geko.cloud\/es\/etapas-proceso-migracion-cloud\/#article\",\"isPartOf\":{\"@id\":\"https:\/\/geko.cloud\/es\/etapas-proceso-migracion-cloud\/\"},\"author\":{\"name\":\"X\u00e8nia Adan\",\"@id\":\"https:\/\/geko.cloud\/es\/#\/schema\/person\/d0eb78f4c8e7a25a3d34040655f7d9d2\"},\"headline\":\"Etapas en el proceso de migraci\u00f3n cloud\",\"datePublished\":\"2021-06-02T08:08:03+00:00\",\"dateModified\":\"2022-03-17T11:44:29+00:00\",\"mainEntityOfPage\":{\"@id\":\"https:\/\/geko.cloud\/es\/etapas-proceso-migracion-cloud\/\"},\"wordCount\":886,\"commentCount\":0,\"publisher\":{\"@id\":\"https:\/\/geko.cloud\/es\/#organization\"},\"image\":{\"@id\":\"https:\/\/geko.cloud\/es\/etapas-proceso-migracion-cloud\/#primaryimage\"},\"thumbnailUrl\":\"https:\/\/geko.cloud\/wp-content\/uploads\/cloud-fases-01.png\",\"keywords\":[\"Migraci\u00f3n cloud\"],\"articleSection\":[\"Cloud\"],\"inLanguage\":\"es\",\"potentialAction\":[{\"@type\":\"CommentAction\",\"name\":\"Comment\",\"target\":[\"https:\/\/geko.cloud\/es\/etapas-proceso-migracion-cloud\/#respond\"]}]},{\"@type\":\"WebPage\",\"@id\":\"https:\/\/geko.cloud\/es\/etapas-proceso-migracion-cloud\/\",\"url\":\"https:\/\/geko.cloud\/es\/etapas-proceso-migracion-cloud\/\",\"name\":\"Etapas en el proceso de migraci\u00f3n cloud - Geko Cloud\",\"isPartOf\":{\"@id\":\"https:\/\/geko.cloud\/es\/#website\"},\"primaryImageOfPage\":{\"@id\":\"https:\/\/geko.cloud\/es\/etapas-proceso-migracion-cloud\/#primaryimage\"},\"image\":{\"@id\":\"https:\/\/geko.cloud\/es\/etapas-proceso-migracion-cloud\/#primaryimage\"},\"thumbnailUrl\":\"https:\/\/geko.cloud\/wp-content\/uploads\/cloud-fases-01.png\",\"datePublished\":\"2021-06-02T08:08:03+00:00\",\"dateModified\":\"2022-03-17T11:44:29+00:00\",\"description\":\"La Migraci\u00f3n Cloud pasa a ser un esencial. Te explicamos las etapas m\u00e1s comunes que se pueden encontrar en su desarrollo.\",\"breadcrumb\":{\"@id\":\"https:\/\/geko.cloud\/es\/etapas-proceso-migracion-cloud\/#breadcrumb\"},\"inLanguage\":\"es\",\"potentialAction\":[{\"@type\":\"ReadAction\",\"target\":[\"https:\/\/geko.cloud\/es\/etapas-proceso-migracion-cloud\/\"]}]},{\"@type\":\"ImageObject\",\"inLanguage\":\"es\",\"@id\":\"https:\/\/geko.cloud\/es\/etapas-proceso-migracion-cloud\/#primaryimage\",\"url\":\"https:\/\/geko.cloud\/wp-content\/uploads\/cloud-fases-01.png\",\"contentUrl\":\"https:\/\/geko.cloud\/wp-content\/uploads\/cloud-fases-01.png\",\"width\":3614,\"height\":1530,\"caption\":\"migraci\u00f3n cloud\"},{\"@type\":\"BreadcrumbList\",\"@id\":\"https:\/\/geko.cloud\/es\/etapas-proceso-migracion-cloud\/#breadcrumb\",\"itemListElement\":[{\"@type\":\"ListItem\",\"position\":1,\"name\":\"Portada\",\"item\":\"https:\/\/geko.cloud\/es\/\"},{\"@type\":\"ListItem\",\"position\":2,\"name\":\"Etapas en el proceso de migraci\u00f3n cloud\"}]},{\"@type\":\"WebSite\",\"@id\":\"https:\/\/geko.cloud\/es\/#website\",\"url\":\"https:\/\/geko.cloud\/es\/\",\"name\":\"Geko Cloud\",\"description\":\"Servicios de consultor\u00eda cloud y devops\",\"publisher\":{\"@id\":\"https:\/\/geko.cloud\/es\/#organization\"},\"potentialAction\":[{\"@type\":\"SearchAction\",\"target\":{\"@type\":\"EntryPoint\",\"urlTemplate\":\"https:\/\/geko.cloud\/es\/?s={search_term_string}\"},\"query-input\":\"required name=search_term_string\"}],\"inLanguage\":\"es\"},{\"@type\":\"Organization\",\"@id\":\"https:\/\/geko.cloud\/es\/#organization\",\"name\":\"Geko Cloud\",\"url\":\"https:\/\/geko.cloud\/es\/\",\"logo\":{\"@type\":\"ImageObject\",\"inLanguage\":\"es\",\"@id\":\"https:\/\/geko.cloud\/es\/#\/schema\/logo\/image\/\",\"url\":\"https:\/\/geko.cloud\/wp-content\/uploads\/2021\/10\/geko_logo-positivo.png\",\"contentUrl\":\"https:\/\/geko.cloud\/wp-content\/uploads\/2021\/10\/geko_logo-positivo.png\",\"width\":1650,\"height\":809,\"caption\":\"Geko Cloud\"},\"image\":{\"@id\":\"https:\/\/geko.cloud\/es\/#\/schema\/logo\/image\/\"},\"sameAs\":[\"https:\/\/x.com\/geko_cloud\",\"https:\/\/www.instagram.com\/gekocloud\/\",\"https:\/\/www.linkedin.com\/company\/gekocloud\",\"https:\/\/www.youtube.com\/channel\/UC5EFLCqUM7fEaXSa_0nWowQ\"]},{\"@type\":\"Person\",\"@id\":\"https:\/\/geko.cloud\/es\/#\/schema\/person\/d0eb78f4c8e7a25a3d34040655f7d9d2\",\"name\":\"X\u00e8nia Adan\",\"image\":{\"@type\":\"ImageObject\",\"inLanguage\":\"es\",\"@id\":\"https:\/\/geko.cloud\/es\/#\/schema\/person\/image\/\",\"url\":\"https:\/\/secure.gravatar.com\/avatar\/7ced1192bab3d2c2b036d1551ed4fc4d?s=96&d=mm&r=g\",\"contentUrl\":\"https:\/\/secure.gravatar.com\/avatar\/7ced1192bab3d2c2b036d1551ed4fc4d?s=96&d=mm&r=g\",\"caption\":\"X\u00e8nia Adan\"}}]}<\/script>\n<!-- \/ Yoast SEO plugin. -->","yoast_head_json":{"title":"Etapas en el proceso de migraci\u00f3n cloud - Geko Cloud","description":"La Migraci\u00f3n Cloud pasa a ser un esencial. Te explicamos las etapas m\u00e1s comunes que se pueden encontrar en su desarrollo.","robots":{"index":"index","follow":"follow","max-snippet":"max-snippet:-1","max-image-preview":"max-image-preview:large","max-video-preview":"max-video-preview:-1"},"canonical":"https:\/\/geko.cloud\/es\/etapas-proceso-migracion-cloud\/","og_locale":"es_ES","og_type":"article","og_title":"Etapas en el proceso de migraci\u00f3n cloud - Geko Cloud","og_description":"La Migraci\u00f3n Cloud pasa a ser un esencial. Te explicamos las etapas m\u00e1s comunes que se pueden encontrar en su desarrollo.","og_url":"https:\/\/geko.cloud\/es\/etapas-proceso-migracion-cloud\/","og_site_name":"Geko Cloud","article_published_time":"2021-06-02T08:08:03+00:00","article_modified_time":"2022-03-17T11:44:29+00:00","og_image":[{"width":3614,"height":1530,"url":"https:\/\/geko.cloud\/wp-content\/uploads\/cloud-fases-01.png","type":"image\/png"}],"author":"X\u00e8nia Adan","twitter_card":"summary_large_image","twitter_creator":"@geko_cloud","twitter_site":"@geko_cloud","schema":{"@context":"https:\/\/schema.org","@graph":[{"@type":"Article","@id":"https:\/\/geko.cloud\/es\/etapas-proceso-migracion-cloud\/#article","isPartOf":{"@id":"https:\/\/geko.cloud\/es\/etapas-proceso-migracion-cloud\/"},"author":{"name":"X\u00e8nia Adan","@id":"https:\/\/geko.cloud\/es\/#\/schema\/person\/d0eb78f4c8e7a25a3d34040655f7d9d2"},"headline":"Etapas en el proceso de migraci\u00f3n cloud","datePublished":"2021-06-02T08:08:03+00:00","dateModified":"2022-03-17T11:44:29+00:00","mainEntityOfPage":{"@id":"https:\/\/geko.cloud\/es\/etapas-proceso-migracion-cloud\/"},"wordCount":886,"commentCount":0,"publisher":{"@id":"https:\/\/geko.cloud\/es\/#organization"},"image":{"@id":"https:\/\/geko.cloud\/es\/etapas-proceso-migracion-cloud\/#primaryimage"},"thumbnailUrl":"https:\/\/geko.cloud\/wp-content\/uploads\/cloud-fases-01.png","keywords":["Migraci\u00f3n cloud"],"articleSection":["Cloud"],"inLanguage":"es","potentialAction":[{"@type":"CommentAction","name":"Comment","target":["https:\/\/geko.cloud\/es\/etapas-proceso-migracion-cloud\/#respond"]}]},{"@type":"WebPage","@id":"https:\/\/geko.cloud\/es\/etapas-proceso-migracion-cloud\/","url":"https:\/\/geko.cloud\/es\/etapas-proceso-migracion-cloud\/","name":"Etapas en el proceso de migraci\u00f3n cloud - Geko Cloud","isPartOf":{"@id":"https:\/\/geko.cloud\/es\/#website"},"primaryImageOfPage":{"@id":"https:\/\/geko.cloud\/es\/etapas-proceso-migracion-cloud\/#primaryimage"},"image":{"@id":"https:\/\/geko.cloud\/es\/etapas-proceso-migracion-cloud\/#primaryimage"},"thumbnailUrl":"https:\/\/geko.cloud\/wp-content\/uploads\/cloud-fases-01.png","datePublished":"2021-06-02T08:08:03+00:00","dateModified":"2022-03-17T11:44:29+00:00","description":"La Migraci\u00f3n Cloud pasa a ser un esencial. Te explicamos las etapas m\u00e1s comunes que se pueden encontrar en su desarrollo.","breadcrumb":{"@id":"https:\/\/geko.cloud\/es\/etapas-proceso-migracion-cloud\/#breadcrumb"},"inLanguage":"es","potentialAction":[{"@type":"ReadAction","target":["https:\/\/geko.cloud\/es\/etapas-proceso-migracion-cloud\/"]}]},{"@type":"ImageObject","inLanguage":"es","@id":"https:\/\/geko.cloud\/es\/etapas-proceso-migracion-cloud\/#primaryimage","url":"https:\/\/geko.cloud\/wp-content\/uploads\/cloud-fases-01.png","contentUrl":"https:\/\/geko.cloud\/wp-content\/uploads\/cloud-fases-01.png","width":3614,"height":1530,"caption":"migraci\u00f3n cloud"},{"@type":"BreadcrumbList","@id":"https:\/\/geko.cloud\/es\/etapas-proceso-migracion-cloud\/#breadcrumb","itemListElement":[{"@type":"ListItem","position":1,"name":"Portada","item":"https:\/\/geko.cloud\/es\/"},{"@type":"ListItem","position":2,"name":"Etapas en el proceso de migraci\u00f3n cloud"}]},{"@type":"WebSite","@id":"https:\/\/geko.cloud\/es\/#website","url":"https:\/\/geko.cloud\/es\/","name":"Geko Cloud","description":"Servicios de consultor\u00eda cloud y devops","publisher":{"@id":"https:\/\/geko.cloud\/es\/#organization"},"potentialAction":[{"@type":"SearchAction","target":{"@type":"EntryPoint","urlTemplate":"https:\/\/geko.cloud\/es\/?s={search_term_string}"},"query-input":"required name=search_term_string"}],"inLanguage":"es"},{"@type":"Organization","@id":"https:\/\/geko.cloud\/es\/#organization","name":"Geko Cloud","url":"https:\/\/geko.cloud\/es\/","logo":{"@type":"ImageObject","inLanguage":"es","@id":"https:\/\/geko.cloud\/es\/#\/schema\/logo\/image\/","url":"https:\/\/geko.cloud\/wp-content\/uploads\/2021\/10\/geko_logo-positivo.png","contentUrl":"https:\/\/geko.cloud\/wp-content\/uploads\/2021\/10\/geko_logo-positivo.png","width":1650,"height":809,"caption":"Geko Cloud"},"image":{"@id":"https:\/\/geko.cloud\/es\/#\/schema\/logo\/image\/"},"sameAs":["https:\/\/x.com\/geko_cloud","https:\/\/www.instagram.com\/gekocloud\/","https:\/\/www.linkedin.com\/company\/gekocloud","https:\/\/www.youtube.com\/channel\/UC5EFLCqUM7fEaXSa_0nWowQ"]},{"@type":"Person","@id":"https:\/\/geko.cloud\/es\/#\/schema\/person\/d0eb78f4c8e7a25a3d34040655f7d9d2","name":"X\u00e8nia Adan","image":{"@type":"ImageObject","inLanguage":"es","@id":"https:\/\/geko.cloud\/es\/#\/schema\/person\/image\/","url":"https:\/\/secure.gravatar.com\/avatar\/7ced1192bab3d2c2b036d1551ed4fc4d?s=96&d=mm&r=g","contentUrl":"https:\/\/secure.gravatar.com\/avatar\/7ced1192bab3d2c2b036d1551ed4fc4d?s=96&d=mm&r=g","caption":"X\u00e8nia Adan"}}]}},"_links":{"self":[{"href":"https:\/\/geko.cloud\/es\/wp-json\/wp\/v2\/posts\/1880"}],"collection":[{"href":"https:\/\/geko.cloud\/es\/wp-json\/wp\/v2\/posts"}],"about":[{"href":"https:\/\/geko.cloud\/es\/wp-json\/wp\/v2\/types\/post"}],"author":[{"embeddable":true,"href":"https:\/\/geko.cloud\/es\/wp-json\/wp\/v2\/users\/23"}],"replies":[{"embeddable":true,"href":"https:\/\/geko.cloud\/es\/wp-json\/wp\/v2\/comments?post=1880"}],"version-history":[{"count":10,"href":"https:\/\/geko.cloud\/es\/wp-json\/wp\/v2\/posts\/1880\/revisions"}],"predecessor-version":[{"id":7614,"href":"https:\/\/geko.cloud\/es\/wp-json\/wp\/v2\/posts\/1880\/revisions\/7614"}],"wp:featuredmedia":[{"embeddable":true,"href":"https:\/\/geko.cloud\/es\/wp-json\/wp\/v2\/media\/1885"}],"wp:attachment":[{"href":"https:\/\/geko.cloud\/es\/wp-json\/wp\/v2\/media?parent=1880"}],"wp:term":[{"taxonomy":"category","embeddable":true,"href":"https:\/\/geko.cloud\/es\/wp-json\/wp\/v2\/categories?post=1880"},{"taxonomy":"post_tag","embeddable":true,"href":"https:\/\/geko.cloud\/es\/wp-json\/wp\/v2\/tags?post=1880"}],"curies":[{"name":"wp","href":"https:\/\/api.w.org\/{rel}","templated":true}]}}